{"id":154441,"date":"2022-12-08T13:50:00","date_gmt":"2022-12-08T18:50:00","guid":{"rendered":"https:\/\/www.mrcpontiac.qc.ca\/?p=154441"},"modified":"2023-09-26T20:48:25","modified_gmt":"2023-09-27T00:48:25","slug":"avis-budget-2023","status":"publish","type":"post","link":"https:\/\/shawville.ca\/fr\/avis-budget-2023\/","title":{"rendered":"Budget 2023"},"content":{"rendered":"<p class=\"entry-header\">Par les pr\u00e9sentes, avis est donn\u00e9 par le soussign\u00e9, Eric Rochon, directeur g\u00e9n\u00e9ral et<br \/>\nsecr\u00e9taire tr\u00e9sorier de la municipalit\u00e9 de Mansfield-et-Pontefract.<\/p>\n<p class=\"entry-header\"><span style=\"text-decoration: underline;\"><strong>QUE :<\/strong><\/span><br \/>\nLe Conseil municipal tiendra une s\u00e9ance extraordinaire en vue de l\u2019adoption du<br \/>\nr\u00e8glement num\u00e9ro 2022-012 dont l\u2019objet est le budget municipal pour l\u2019exercice 2023, la fixation du taux de taxes fonci\u00e8res, du taux de la taxe sp\u00e9ciale sur le traitement des insectes piqueurs, du taux de base pour la taxe sur le traitement des mati\u00e8res r\u00e9siduelles, du taux de base pour la taxe sur le service d\u2019aqueduc, du taux de base pour la taxe sur le service d\u2019\u00e9gouts et le plan triennal des immobilisations 2022, 2023 et 2024.<\/p>\n<p class=\"entry-header\">\nCette s\u00e9ance extraordinaire pour l\u2019adoption du budget se tiendra le mardi 20 d\u00e9cembre 2022 au au lieu ordinaire des s\u00e9ances du Conseil au 300, rue Principale \u00e0 19 h 00. Quiconque d\u00e9sire prendre connaissance du projet de r\u00e8glement pourra le faire au Bureau municipal, 300, rue Principale, durant les heures habituelles d\u2019ouverture au public \u00e0 compter du 12 d\u00e9cembre 2022.<\/p>\n<p class=\"entry-header\">Donn\u00e9 \u00e0 Mansfield-et-Pontefract ce huiti\u00e8me jour de d\u00e9cembre de l\u2019an deux mille vingt-deux.<\/p>\n<p class=\"entry-header\">Eric Rochon, Directeur g\u00e9n\u00e9ral<\/p>\n","protected":false},"excerpt":{"rendered":"<p>Par les pr\u00e9sentes, avis est donn\u00e9 par le soussign\u00e9, Eric Rochon, directeur g\u00e9n\u00e9ral et secr\u00e9taire tr\u00e9sorier de la municipalit\u00e9 de Mansfield-et-Pontefract. QUE : Le Conseil municipal tiendra une s\u00e9ance extraordinaire en vue de l\u2019adoption du r\u00e8glement num\u00e9ro 2022-012 dont l\u2019objet est le budget municipal pour l\u2019exercice 2023, la fixation du taux de taxes fonci\u00e8res, du &hellip;<\/p>\n","protected":false},"author":1,"featured_media":0,"comment_status":"closed","ping_status":"closed","sticky":false,"template":"","format":"standard","meta":{"_acf_changed":false,"footnotes":""},"categories":[83],"tags":[],"class_list":["post-154441","post","type-post","status-publish","format-standard","hentry","category-avis-public"],"featured_image_src":"","blog_images":{"medium":"","large":""},"acf":[],"ams_acf":[],"yoast_head":"<!-- This site is optimized with the Yoast SEO plugin v27.4 - https:\/\/yoast.com\/product\/yoast-seo-wordpress\/ -->\n<title>Budget 2023 - Municipalit\u00e9 de Shawville Quebec<\/title>\n<meta name=\"robots\" content=\"index, follow, max-snippet:-1, max-image-preview:large, max-video-preview:-1\" \/>\n<link rel=\"canonical\" href=\"https:\/\/shawville.ca\/fr\/avis-budget-2023\/\" \/>\n<meta property=\"og:locale\" content=\"fr_FR\" \/>\n<meta property=\"og:type\" content=\"article\" \/>\n<meta property=\"og:title\" content=\"Budget 2023 - Municipalit\u00e9 de Shawville Quebec\" \/>\n<meta property=\"og:description\" content=\"Par les pr\u00e9sentes, avis est donn\u00e9 par le soussign\u00e9, Eric Rochon, directeur g\u00e9n\u00e9ral et secr\u00e9taire tr\u00e9sorier de la municipalit\u00e9 de Mansfield-et-Pontefract. QUE : Le Conseil municipal tiendra une s\u00e9ance extraordinaire en vue de l\u2019adoption du r\u00e8glement num\u00e9ro 2022-012 dont l\u2019objet est le budget municipal pour l\u2019exercice 2023, la fixation du taux de taxes fonci\u00e8res, du &hellip;\" \/>\n<meta property=\"og:url\" content=\"https:\/\/shawville.ca\/fr\/avis-budget-2023\/\" \/>\n<meta property=\"og:site_name\" content=\"Municipalit\u00e9 de Shawville Quebec\" \/>\n<meta property=\"article:publisher\" content=\"https:\/\/www.facebook.com\/shawvillequebec\" \/>\n<meta property=\"article:published_time\" content=\"2022-12-08T18:50:00+00:00\" \/>\n<meta property=\"article:modified_time\" content=\"2023-09-27T00:48:25+00:00\" \/>\n<meta property=\"og:image\" content=\"https:\/\/shawville.ca\/wp-content\/uploads\/2024\/03\/shawville.jpg\" \/>\n\t<meta property=\"og:image:width\" content=\"1280\" \/>\n\t<meta property=\"og:image:height\" content=\"720\" \/>\n\t<meta property=\"og:image:type\" content=\"image\/jpeg\" \/>\n<meta name=\"author\" content=\"Shawville\" \/>\n<meta name=\"twitter:card\" content=\"summary_large_image\" \/>\n<meta name=\"twitter:label1\" content=\"\u00c9crit par\" \/>\n\t<meta name=\"twitter:data1\" content=\"Shawville\" \/>\n\t<meta name=\"twitter:label2\" content=\"Dur\u00e9e de lecture estim\u00e9e\" \/>\n\t<meta name=\"twitter:data2\" content=\"1 minute\" \/>\n<script type=\"application\/ld+json\" class=\"yoast-schema-graph\">{\"@context\":\"https:\\\/\\\/schema.org\",\"@graph\":[{\"@type\":\"Article\",\"@id\":\"https:\\\/\\\/shawville.ca\\\/fr\\\/avis-budget-2023\\\/#article\",\"isPartOf\":{\"@id\":\"https:\\\/\\\/shawville.ca\\\/fr\\\/avis-budget-2023\\\/\"},\"author\":{\"name\":\"Shawville\",\"@id\":\"https:\\\/\\\/shawville.ca\\\/fr\\\/#\\\/schema\\\/person\\\/323716889a7e697a98717839e9dd0650\"},\"headline\":\"Budget 2023\",\"datePublished\":\"2022-12-08T18:50:00+00:00\",\"dateModified\":\"2023-09-27T00:48:25+00:00\",\"mainEntityOfPage\":{\"@id\":\"https:\\\/\\\/shawville.ca\\\/fr\\\/avis-budget-2023\\\/\"},\"wordCount\":203,\"publisher\":{\"@id\":\"https:\\\/\\\/shawville.ca\\\/fr\\\/#organization\"},\"articleSection\":[\"Avis Public\"],\"inLanguage\":\"fr-FR\"},{\"@type\":\"WebPage\",\"@id\":\"https:\\\/\\\/shawville.ca\\\/fr\\\/avis-budget-2023\\\/\",\"url\":\"https:\\\/\\\/shawville.ca\\\/fr\\\/avis-budget-2023\\\/\",\"name\":\"Budget 2023 - Municipalit\u00e9 de Shawville Quebec\",\"isPartOf\":{\"@id\":\"https:\\\/\\\/shawville.ca\\\/fr\\\/#website\"},\"datePublished\":\"2022-12-08T18:50:00+00:00\",\"dateModified\":\"2023-09-27T00:48:25+00:00\",\"breadcrumb\":{\"@id\":\"https:\\\/\\\/shawville.ca\\\/fr\\\/avis-budget-2023\\\/#breadcrumb\"},\"inLanguage\":\"fr-FR\",\"potentialAction\":[{\"@type\":\"ReadAction\",\"target\":[\"https:\\\/\\\/shawville.ca\\\/fr\\\/avis-budget-2023\\\/\"]}]},{\"@type\":\"BreadcrumbList\",\"@id\":\"https:\\\/\\\/shawville.ca\\\/fr\\\/avis-budget-2023\\\/#breadcrumb\",\"itemListElement\":[{\"@type\":\"ListItem\",\"position\":1,\"name\":\"Home\",\"item\":\"https:\\\/\\\/shawville.ca\\\/fr\\\/\"},{\"@type\":\"ListItem\",\"position\":2,\"name\":\"Budget 2023\"}]},{\"@type\":\"WebSite\",\"@id\":\"https:\\\/\\\/shawville.ca\\\/fr\\\/#website\",\"url\":\"https:\\\/\\\/shawville.ca\\\/fr\\\/\",\"name\":\"Municipality of Shawville Quebec\",\"description\":\"Simplement Invitant\",\"publisher\":{\"@id\":\"https:\\\/\\\/shawville.ca\\\/fr\\\/#organization\"},\"alternateName\":\"Shawville\",\"potentialAction\":[{\"@type\":\"SearchAction\",\"target\":{\"@type\":\"EntryPoint\",\"urlTemplate\":\"https:\\\/\\\/shawville.ca\\\/fr\\\/?s={search_term_string}\"},\"query-input\":{\"@type\":\"PropertyValueSpecification\",\"valueRequired\":true,\"valueName\":\"search_term_string\"}}],\"inLanguage\":\"fr-FR\"},{\"@type\":\"Organization\",\"@id\":\"https:\\\/\\\/shawville.ca\\\/fr\\\/#organization\",\"name\":\"The Municipality of Shawville\",\"alternateName\":\"Shawville\",\"url\":\"https:\\\/\\\/shawville.ca\\\/fr\\\/\",\"logo\":{\"@type\":\"ImageObject\",\"inLanguage\":\"fr-FR\",\"@id\":\"https:\\\/\\\/shawville.ca\\\/fr\\\/#\\\/schema\\\/logo\\\/image\\\/\",\"url\":\"https:\\\/\\\/shawville.ca\\\/wp-content\\\/uploads\\\/2023\\\/09\\\/shawville-quebec-footer-logo.png\",\"contentUrl\":\"https:\\\/\\\/shawville.ca\\\/wp-content\\\/uploads\\\/2023\\\/09\\\/shawville-quebec-footer-logo.png\",\"width\":550,\"height\":550,\"caption\":\"The Municipality of Shawville\"},\"image\":{\"@id\":\"https:\\\/\\\/shawville.ca\\\/fr\\\/#\\\/schema\\\/logo\\\/image\\\/\"},\"sameAs\":[\"https:\\\/\\\/www.facebook.com\\\/shawvillequebec\",\"https:\\\/\\\/www.instagram.com\\\/destination.pontiac\\\/\",\"https:\\\/\\\/www.youtube.com\\\/channel\\\/UCsfXrrSPVm8eMca37PeSZYg\",\"https:\\\/\\\/www.linkedin.com\\\/company\\\/mrc-pontiac\\\/\"]},{\"@type\":\"Person\",\"@id\":\"https:\\\/\\\/shawville.ca\\\/fr\\\/#\\\/schema\\\/person\\\/323716889a7e697a98717839e9dd0650\",\"name\":\"Shawville\",\"sameAs\":[\"https:\\\/\\\/shawville.ca\"],\"url\":\"https:\\\/\\\/shawville.ca\\\/fr\\\/author\\\/mrc\\\/\"}]}<\/script>\n<!-- \/ Yoast SEO plugin. -->","yoast_head_json":{"title":"Budget 2023 - Municipalit\u00e9 de Shawville Quebec","robots":{"index":"index","follow":"follow","max-snippet":"max-snippet:-1","max-image-preview":"max-image-preview:large","max-video-preview":"max-video-preview:-1"},"canonical":"https:\/\/shawville.ca\/fr\/avis-budget-2023\/","og_locale":"fr_FR","og_type":"article","og_title":"Budget 2023 - Municipalit\u00e9 de Shawville Quebec","og_description":"Par les pr\u00e9sentes, avis est donn\u00e9 par le soussign\u00e9, Eric Rochon, directeur g\u00e9n\u00e9ral et secr\u00e9taire tr\u00e9sorier de la municipalit\u00e9 de Mansfield-et-Pontefract. QUE : Le Conseil municipal tiendra une s\u00e9ance extraordinaire en vue de l\u2019adoption du r\u00e8glement num\u00e9ro 2022-012 dont l\u2019objet est le budget municipal pour l\u2019exercice 2023, la fixation du taux de taxes fonci\u00e8res, du &hellip;","og_url":"https:\/\/shawville.ca\/fr\/avis-budget-2023\/","og_site_name":"Municipalit\u00e9 de Shawville Quebec","article_publisher":"https:\/\/www.facebook.com\/shawvillequebec","article_published_time":"2022-12-08T18:50:00+00:00","article_modified_time":"2023-09-27T00:48:25+00:00","og_image":[{"width":1280,"height":720,"url":"https:\/\/shawville.ca\/wp-content\/uploads\/2024\/03\/shawville.jpg","type":"image\/jpeg"}],"author":"Shawville","twitter_card":"summary_large_image","twitter_misc":{"\u00c9crit par":"Shawville","Dur\u00e9e de lecture estim\u00e9e":"1 minute"},"schema":{"@context":"https:\/\/schema.org","@graph":[{"@type":"Article","@id":"https:\/\/shawville.ca\/fr\/avis-budget-2023\/#article","isPartOf":{"@id":"https:\/\/shawville.ca\/fr\/avis-budget-2023\/"},"author":{"name":"Shawville","@id":"https:\/\/shawville.ca\/fr\/#\/schema\/person\/323716889a7e697a98717839e9dd0650"},"headline":"Budget 2023","datePublished":"2022-12-08T18:50:00+00:00","dateModified":"2023-09-27T00:48:25+00:00","mainEntityOfPage":{"@id":"https:\/\/shawville.ca\/fr\/avis-budget-2023\/"},"wordCount":203,"publisher":{"@id":"https:\/\/shawville.ca\/fr\/#organization"},"articleSection":["Avis Public"],"inLanguage":"fr-FR"},{"@type":"WebPage","@id":"https:\/\/shawville.ca\/fr\/avis-budget-2023\/","url":"https:\/\/shawville.ca\/fr\/avis-budget-2023\/","name":"Budget 2023 - Municipalit\u00e9 de Shawville Quebec","isPartOf":{"@id":"https:\/\/shawville.ca\/fr\/#website"},"datePublished":"2022-12-08T18:50:00+00:00","dateModified":"2023-09-27T00:48:25+00:00","breadcrumb":{"@id":"https:\/\/shawville.ca\/fr\/avis-budget-2023\/#breadcrumb"},"inLanguage":"fr-FR","potentialAction":[{"@type":"ReadAction","target":["https:\/\/shawville.ca\/fr\/avis-budget-2023\/"]}]},{"@type":"BreadcrumbList","@id":"https:\/\/shawville.ca\/fr\/avis-budget-2023\/#breadcrumb","itemListElement":[{"@type":"ListItem","position":1,"name":"Home","item":"https:\/\/shawville.ca\/fr\/"},{"@type":"ListItem","position":2,"name":"Budget 2023"}]},{"@type":"WebSite","@id":"https:\/\/shawville.ca\/fr\/#website","url":"https:\/\/shawville.ca\/fr\/","name":"Municipality of Shawville Quebec","description":"Simplement Invitant","publisher":{"@id":"https:\/\/shawville.ca\/fr\/#organization"},"alternateName":"Shawville","potentialAction":[{"@type":"SearchAction","target":{"@type":"EntryPoint","urlTemplate":"https:\/\/shawville.ca\/fr\/?s={search_term_string}"},"query-input":{"@type":"PropertyValueSpecification","valueRequired":true,"valueName":"search_term_string"}}],"inLanguage":"fr-FR"},{"@type":"Organization","@id":"https:\/\/shawville.ca\/fr\/#organization","name":"The Municipality of Shawville","alternateName":"Shawville","url":"https:\/\/shawville.ca\/fr\/","logo":{"@type":"ImageObject","inLanguage":"fr-FR","@id":"https:\/\/shawville.ca\/fr\/#\/schema\/logo\/image\/","url":"https:\/\/shawville.ca\/wp-content\/uploads\/2023\/09\/shawville-quebec-footer-logo.png","contentUrl":"https:\/\/shawville.ca\/wp-content\/uploads\/2023\/09\/shawville-quebec-footer-logo.png","width":550,"height":550,"caption":"The Municipality of Shawville"},"image":{"@id":"https:\/\/shawville.ca\/fr\/#\/schema\/logo\/image\/"},"sameAs":["https:\/\/www.facebook.com\/shawvillequebec","https:\/\/www.instagram.com\/destination.pontiac\/","https:\/\/www.youtube.com\/channel\/UCsfXrrSPVm8eMca37PeSZYg","https:\/\/www.linkedin.com\/company\/mrc-pontiac\/"]},{"@type":"Person","@id":"https:\/\/shawville.ca\/fr\/#\/schema\/person\/323716889a7e697a98717839e9dd0650","name":"Shawville","sameAs":["https:\/\/shawville.ca"],"url":"https:\/\/shawville.ca\/fr\/author\/mrc\/"}]}},"_links":{"self":[{"href":"https:\/\/shawville.ca\/fr\/wp-json\/wp\/v2\/posts\/154441","targetHints":{"allow":["GET"]}}],"collection":[{"href":"https:\/\/shawville.ca\/fr\/wp-json\/wp\/v2\/posts"}],"about":[{"href":"https:\/\/shawville.ca\/fr\/wp-json\/wp\/v2\/types\/post"}],"author":[{"embeddable":true,"href":"https:\/\/shawville.ca\/fr\/wp-json\/wp\/v2\/users\/1"}],"replies":[{"embeddable":true,"href":"https:\/\/shawville.ca\/fr\/wp-json\/wp\/v2\/comments?post=154441"}],"version-history":[{"count":0,"href":"https:\/\/shawville.ca\/fr\/wp-json\/wp\/v2\/posts\/154441\/revisions"}],"wp:attachment":[{"href":"https:\/\/shawville.ca\/fr\/wp-json\/wp\/v2\/media?parent=154441"}],"wp:term":[{"taxonomy":"category","embeddable":true,"href":"https:\/\/shawville.ca\/fr\/wp-json\/wp\/v2\/categories?post=154441"},{"taxonomy":"post_tag","embeddable":true,"href":"https:\/\/shawville.ca\/fr\/wp-json\/wp\/v2\/tags?post=154441"}],"curies":[{"name":"wp","href":"https:\/\/api.w.org\/{rel}","templated":true}]}}