{"id":171178,"date":"2024-03-22T15:32:33","date_gmt":"2024-03-22T19:32:33","guid":{"rendered":"https:\/\/shawville.ottawavalleymedia.ca\/public-notice-agenda-for-march-26-council-meeting\/"},"modified":"2024-03-26T15:34:00","modified_gmt":"2024-03-26T19:34:00","slug":"public-notice-agenda-for-march-26-council-meeting","status":"publish","type":"post","link":"https:\/\/shawville.ca\/fr\/public-notice-agenda-for-march-26-council-meeting\/","title":{"rendered":"Avis public \u2013 Ordre du jour de la r\u00e9union du Conseil du 26 mars"},"content":{"rendered":"\n<ol class=\"wp-block-list\">\n<li>Adoption de l\u2019ordre du jour<\/li>\n\n\n\n<li>Adoption de la r\u00e9union ordinaire du 27 f\u00e9vrier 2024<\/li>\n\n\n\n<li>P\u00e9riode de questions des visiteurs<\/li>\n\n\n\n<li>Affaires d\u00e9coulant de la s\u00e9ance de travail\n<ol class=\"wp-block-list\">\n<li>Wurth<\/li>\n\n\n\n<li>Soumission pour les banni\u00e8res de rue de l\u2019atelier d\u2019impression du Pontiac<\/li>\n\n\n\n<li>Envoi d\u2019un appel d\u2019offres pour la tonte du gazon<\/li>\n<\/ol>\n<\/li>\n\n\n\n<li>Affaires d\u00e9coulant du comit\u00e9 de planification\n<ol class=\"wp-block-list\">\n<li>Version finale du r\u00e8glement 457 pour amender le r\u00e8glement de zonage 417<\/li>\n\n\n\n<li>Version finale du r\u00e8glement 459 visant \u00e0 modifier le r\u00e8glement de zonage 417<\/li>\n\n\n\n<li>Avis de motion et premi\u00e8re \u00e9bauche de l\u2019arr\u00eat\u00e9 num\u00e9ro 465 visant \u00e0 modifier l\u2019arr\u00eat\u00e9 de zonage num\u00e9ro 417<\/li>\n\n\n\n<li>Embauche d\u2019un notaire pour l\u2019achat du lot num\u00e9ro 5638378<\/li>\n\n\n\n<li>R\u00e8glement 387-1 D\u00e9l\u00e9gation de certains pouvoirs<\/li>\n<\/ol>\n<\/li>\n\n\n\n<li>Devis de Smart Consultant \u2013 Tuyau d\u2019\u00e9gout avec GPS<\/li>\n\n\n\n<li>Citation de JR Brisson \u2013 Seau de creusage<\/li>\n\n\n\n<li>Citation de Bill McLachlin<\/li>\n\n\n\n<li>Correspondance<\/li>\n\n\n\n<li>Rapport du comit\u00e9<\/li>\n\n\n\n<li>Ajournement<\/li>\n<\/ol>\n","protected":false},"excerpt":{"rendered":"","protected":false},"author":1,"featured_media":0,"comment_status":"closed","ping_status":"open","sticky":false,"template":"","format":"standard","meta":{"_acf_changed":false,"footnotes":""},"categories":[83],"tags":[],"class_list":["post-171178","post","type-post","status-publish","format-standard","hentry","category-avis-public"],"featured_image_src":"","blog_images":{"medium":"","large":""},"acf":[],"ams_acf":[],"yoast_head":"<!-- This site is optimized with the Yoast SEO plugin v27.4 - https:\/\/yoast.com\/product\/yoast-seo-wordpress\/ -->\n<title>Avis public \u2013 Ordre du jour de la r\u00e9union du Conseil du 26 mars - Municipalit\u00e9 de Shawville Quebec<\/title>\n<meta name=\"robots\" content=\"index, follow, max-snippet:-1, max-image-preview:large, max-video-preview:-1\" \/>\n<link rel=\"canonical\" href=\"https:\/\/shawville.ca\/fr\/public-notice-agenda-for-march-26-council-meeting\/\" \/>\n<meta property=\"og:locale\" content=\"fr_FR\" \/>\n<meta property=\"og:type\" content=\"article\" \/>\n<meta property=\"og:title\" content=\"Avis public \u2013 Ordre du jour de la r\u00e9union du Conseil du 26 mars - Municipalit\u00e9 de Shawville Quebec\" \/>\n<meta property=\"og:url\" content=\"https:\/\/shawville.ca\/fr\/public-notice-agenda-for-march-26-council-meeting\/\" \/>\n<meta property=\"og:site_name\" content=\"Municipalit\u00e9 de Shawville Quebec\" \/>\n<meta property=\"article:publisher\" content=\"https:\/\/www.facebook.com\/shawvillequebec\" \/>\n<meta property=\"article:published_time\" content=\"2024-03-22T19:32:33+00:00\" \/>\n<meta property=\"article:modified_time\" content=\"2024-03-26T19:34:00+00:00\" \/>\n<meta property=\"og:image\" content=\"https:\/\/shawville.ca\/wp-content\/uploads\/2024\/03\/shawville.jpg\" \/>\n\t<meta property=\"og:image:width\" content=\"1280\" \/>\n\t<meta property=\"og:image:height\" content=\"720\" \/>\n\t<meta property=\"og:image:type\" content=\"image\/jpeg\" \/>\n<meta name=\"author\" content=\"Shawville\" \/>\n<meta name=\"twitter:card\" content=\"summary_large_image\" \/>\n<meta name=\"twitter:label1\" content=\"\u00c9crit par\" \/>\n\t<meta name=\"twitter:data1\" content=\"Shawville\" \/>\n\t<meta name=\"twitter:label2\" content=\"Dur\u00e9e de lecture estim\u00e9e\" \/>\n\t<meta name=\"twitter:data2\" content=\"1 minute\" \/>\n<script type=\"application\/ld+json\" class=\"yoast-schema-graph\">{\"@context\":\"https:\\\/\\\/schema.org\",\"@graph\":[{\"@type\":\"Article\",\"@id\":\"https:\\\/\\\/shawville.ca\\\/fr\\\/public-notice-agenda-for-march-26-council-meeting\\\/#article\",\"isPartOf\":{\"@id\":\"https:\\\/\\\/shawville.ca\\\/fr\\\/public-notice-agenda-for-march-26-council-meeting\\\/\"},\"author\":{\"name\":\"Shawville\",\"@id\":\"https:\\\/\\\/shawville.ca\\\/fr\\\/#\\\/schema\\\/person\\\/323716889a7e697a98717839e9dd0650\"},\"headline\":\"Avis public \u2013 Ordre du jour de la r\u00e9union du Conseil du 26 mars\",\"datePublished\":\"2024-03-22T19:32:33+00:00\",\"dateModified\":\"2024-03-26T19:34:00+00:00\",\"mainEntityOfPage\":{\"@id\":\"https:\\\/\\\/shawville.ca\\\/fr\\\/public-notice-agenda-for-march-26-council-meeting\\\/\"},\"wordCount\":167,\"publisher\":{\"@id\":\"https:\\\/\\\/shawville.ca\\\/fr\\\/#organization\"},\"articleSection\":[\"Avis Public\"],\"inLanguage\":\"fr-FR\"},{\"@type\":\"WebPage\",\"@id\":\"https:\\\/\\\/shawville.ca\\\/fr\\\/public-notice-agenda-for-march-26-council-meeting\\\/\",\"url\":\"https:\\\/\\\/shawville.ca\\\/fr\\\/public-notice-agenda-for-march-26-council-meeting\\\/\",\"name\":\"Avis public \u2013 Ordre du jour de la r\u00e9union du Conseil du 26 mars - Municipalit\u00e9 de Shawville Quebec\",\"isPartOf\":{\"@id\":\"https:\\\/\\\/shawville.ca\\\/fr\\\/#website\"},\"datePublished\":\"2024-03-22T19:32:33+00:00\",\"dateModified\":\"2024-03-26T19:34:00+00:00\",\"breadcrumb\":{\"@id\":\"https:\\\/\\\/shawville.ca\\\/fr\\\/public-notice-agenda-for-march-26-council-meeting\\\/#breadcrumb\"},\"inLanguage\":\"fr-FR\",\"potentialAction\":[{\"@type\":\"ReadAction\",\"target\":[\"https:\\\/\\\/shawville.ca\\\/fr\\\/public-notice-agenda-for-march-26-council-meeting\\\/\"]}]},{\"@type\":\"BreadcrumbList\",\"@id\":\"https:\\\/\\\/shawville.ca\\\/fr\\\/public-notice-agenda-for-march-26-council-meeting\\\/#breadcrumb\",\"itemListElement\":[{\"@type\":\"ListItem\",\"position\":1,\"name\":\"Home\",\"item\":\"https:\\\/\\\/shawville.ca\\\/fr\\\/\"},{\"@type\":\"ListItem\",\"position\":2,\"name\":\"Avis public \u2013 Ordre du jour de la r\u00e9union du Conseil du 26 mars\"}]},{\"@type\":\"WebSite\",\"@id\":\"https:\\\/\\\/shawville.ca\\\/fr\\\/#website\",\"url\":\"https:\\\/\\\/shawville.ca\\\/fr\\\/\",\"name\":\"Municipality of Shawville Quebec\",\"description\":\"Simplement Invitant\",\"publisher\":{\"@id\":\"https:\\\/\\\/shawville.ca\\\/fr\\\/#organization\"},\"alternateName\":\"Shawville\",\"potentialAction\":[{\"@type\":\"SearchAction\",\"target\":{\"@type\":\"EntryPoint\",\"urlTemplate\":\"https:\\\/\\\/shawville.ca\\\/fr\\\/?s={search_term_string}\"},\"query-input\":{\"@type\":\"PropertyValueSpecification\",\"valueRequired\":true,\"valueName\":\"search_term_string\"}}],\"inLanguage\":\"fr-FR\"},{\"@type\":\"Organization\",\"@id\":\"https:\\\/\\\/shawville.ca\\\/fr\\\/#organization\",\"name\":\"The Municipality of Shawville\",\"alternateName\":\"Shawville\",\"url\":\"https:\\\/\\\/shawville.ca\\\/fr\\\/\",\"logo\":{\"@type\":\"ImageObject\",\"inLanguage\":\"fr-FR\",\"@id\":\"https:\\\/\\\/shawville.ca\\\/fr\\\/#\\\/schema\\\/logo\\\/image\\\/\",\"url\":\"https:\\\/\\\/shawville.ca\\\/wp-content\\\/uploads\\\/2023\\\/09\\\/shawville-quebec-footer-logo.png\",\"contentUrl\":\"https:\\\/\\\/shawville.ca\\\/wp-content\\\/uploads\\\/2023\\\/09\\\/shawville-quebec-footer-logo.png\",\"width\":550,\"height\":550,\"caption\":\"The Municipality of Shawville\"},\"image\":{\"@id\":\"https:\\\/\\\/shawville.ca\\\/fr\\\/#\\\/schema\\\/logo\\\/image\\\/\"},\"sameAs\":[\"https:\\\/\\\/www.facebook.com\\\/shawvillequebec\",\"https:\\\/\\\/www.instagram.com\\\/destination.pontiac\\\/\",\"https:\\\/\\\/www.youtube.com\\\/channel\\\/UCsfXrrSPVm8eMca37PeSZYg\",\"https:\\\/\\\/www.linkedin.com\\\/company\\\/mrc-pontiac\\\/\"]},{\"@type\":\"Person\",\"@id\":\"https:\\\/\\\/shawville.ca\\\/fr\\\/#\\\/schema\\\/person\\\/323716889a7e697a98717839e9dd0650\",\"name\":\"Shawville\",\"sameAs\":[\"https:\\\/\\\/shawville.ca\"],\"url\":\"https:\\\/\\\/shawville.ca\\\/fr\\\/author\\\/mrc\\\/\"}]}<\/script>\n<!-- \/ Yoast SEO plugin. -->","yoast_head_json":{"title":"Avis public \u2013 Ordre du jour de la r\u00e9union du Conseil du 26 mars - Municipalit\u00e9 de Shawville Quebec","robots":{"index":"index","follow":"follow","max-snippet":"max-snippet:-1","max-image-preview":"max-image-preview:large","max-video-preview":"max-video-preview:-1"},"canonical":"https:\/\/shawville.ca\/fr\/public-notice-agenda-for-march-26-council-meeting\/","og_locale":"fr_FR","og_type":"article","og_title":"Avis public \u2013 Ordre du jour de la r\u00e9union du Conseil du 26 mars - Municipalit\u00e9 de Shawville Quebec","og_url":"https:\/\/shawville.ca\/fr\/public-notice-agenda-for-march-26-council-meeting\/","og_site_name":"Municipalit\u00e9 de Shawville Quebec","article_publisher":"https:\/\/www.facebook.com\/shawvillequebec","article_published_time":"2024-03-22T19:32:33+00:00","article_modified_time":"2024-03-26T19:34:00+00:00","og_image":[{"width":1280,"height":720,"url":"https:\/\/shawville.ca\/wp-content\/uploads\/2024\/03\/shawville.jpg","type":"image\/jpeg"}],"author":"Shawville","twitter_card":"summary_large_image","twitter_misc":{"\u00c9crit par":"Shawville","Dur\u00e9e de lecture estim\u00e9e":"1 minute"},"schema":{"@context":"https:\/\/schema.org","@graph":[{"@type":"Article","@id":"https:\/\/shawville.ca\/fr\/public-notice-agenda-for-march-26-council-meeting\/#article","isPartOf":{"@id":"https:\/\/shawville.ca\/fr\/public-notice-agenda-for-march-26-council-meeting\/"},"author":{"name":"Shawville","@id":"https:\/\/shawville.ca\/fr\/#\/schema\/person\/323716889a7e697a98717839e9dd0650"},"headline":"Avis public \u2013 Ordre du jour de la r\u00e9union du Conseil du 26 mars","datePublished":"2024-03-22T19:32:33+00:00","dateModified":"2024-03-26T19:34:00+00:00","mainEntityOfPage":{"@id":"https:\/\/shawville.ca\/fr\/public-notice-agenda-for-march-26-council-meeting\/"},"wordCount":167,"publisher":{"@id":"https:\/\/shawville.ca\/fr\/#organization"},"articleSection":["Avis Public"],"inLanguage":"fr-FR"},{"@type":"WebPage","@id":"https:\/\/shawville.ca\/fr\/public-notice-agenda-for-march-26-council-meeting\/","url":"https:\/\/shawville.ca\/fr\/public-notice-agenda-for-march-26-council-meeting\/","name":"Avis public \u2013 Ordre du jour de la r\u00e9union du Conseil du 26 mars - Municipalit\u00e9 de Shawville Quebec","isPartOf":{"@id":"https:\/\/shawville.ca\/fr\/#website"},"datePublished":"2024-03-22T19:32:33+00:00","dateModified":"2024-03-26T19:34:00+00:00","breadcrumb":{"@id":"https:\/\/shawville.ca\/fr\/public-notice-agenda-for-march-26-council-meeting\/#breadcrumb"},"inLanguage":"fr-FR","potentialAction":[{"@type":"ReadAction","target":["https:\/\/shawville.ca\/fr\/public-notice-agenda-for-march-26-council-meeting\/"]}]},{"@type":"BreadcrumbList","@id":"https:\/\/shawville.ca\/fr\/public-notice-agenda-for-march-26-council-meeting\/#breadcrumb","itemListElement":[{"@type":"ListItem","position":1,"name":"Home","item":"https:\/\/shawville.ca\/fr\/"},{"@type":"ListItem","position":2,"name":"Avis public \u2013 Ordre du jour de la r\u00e9union du Conseil du 26 mars"}]},{"@type":"WebSite","@id":"https:\/\/shawville.ca\/fr\/#website","url":"https:\/\/shawville.ca\/fr\/","name":"Municipality of Shawville Quebec","description":"Simplement Invitant","publisher":{"@id":"https:\/\/shawville.ca\/fr\/#organization"},"alternateName":"Shawville","potentialAction":[{"@type":"SearchAction","target":{"@type":"EntryPoint","urlTemplate":"https:\/\/shawville.ca\/fr\/?s={search_term_string}"},"query-input":{"@type":"PropertyValueSpecification","valueRequired":true,"valueName":"search_term_string"}}],"inLanguage":"fr-FR"},{"@type":"Organization","@id":"https:\/\/shawville.ca\/fr\/#organization","name":"The Municipality of Shawville","alternateName":"Shawville","url":"https:\/\/shawville.ca\/fr\/","logo":{"@type":"ImageObject","inLanguage":"fr-FR","@id":"https:\/\/shawville.ca\/fr\/#\/schema\/logo\/image\/","url":"https:\/\/shawville.ca\/wp-content\/uploads\/2023\/09\/shawville-quebec-footer-logo.png","contentUrl":"https:\/\/shawville.ca\/wp-content\/uploads\/2023\/09\/shawville-quebec-footer-logo.png","width":550,"height":550,"caption":"The Municipality of Shawville"},"image":{"@id":"https:\/\/shawville.ca\/fr\/#\/schema\/logo\/image\/"},"sameAs":["https:\/\/www.facebook.com\/shawvillequebec","https:\/\/www.instagram.com\/destination.pontiac\/","https:\/\/www.youtube.com\/channel\/UCsfXrrSPVm8eMca37PeSZYg","https:\/\/www.linkedin.com\/company\/mrc-pontiac\/"]},{"@type":"Person","@id":"https:\/\/shawville.ca\/fr\/#\/schema\/person\/323716889a7e697a98717839e9dd0650","name":"Shawville","sameAs":["https:\/\/shawville.ca"],"url":"https:\/\/shawville.ca\/fr\/author\/mrc\/"}]}},"_links":{"self":[{"href":"https:\/\/shawville.ca\/fr\/wp-json\/wp\/v2\/posts\/171178","targetHints":{"allow":["GET"]}}],"collection":[{"href":"https:\/\/shawville.ca\/fr\/wp-json\/wp\/v2\/posts"}],"about":[{"href":"https:\/\/shawville.ca\/fr\/wp-json\/wp\/v2\/types\/post"}],"author":[{"embeddable":true,"href":"https:\/\/shawville.ca\/fr\/wp-json\/wp\/v2\/users\/1"}],"replies":[{"embeddable":true,"href":"https:\/\/shawville.ca\/fr\/wp-json\/wp\/v2\/comments?post=171178"}],"version-history":[{"count":1,"href":"https:\/\/shawville.ca\/fr\/wp-json\/wp\/v2\/posts\/171178\/revisions"}],"predecessor-version":[{"id":171179,"href":"https:\/\/shawville.ca\/fr\/wp-json\/wp\/v2\/posts\/171178\/revisions\/171179"}],"wp:attachment":[{"href":"https:\/\/shawville.ca\/fr\/wp-json\/wp\/v2\/media?parent=171178"}],"wp:term":[{"taxonomy":"category","embeddable":true,"href":"https:\/\/shawville.ca\/fr\/wp-json\/wp\/v2\/categories?post=171178"},{"taxonomy":"post_tag","embeddable":true,"href":"https:\/\/shawville.ca\/fr\/wp-json\/wp\/v2\/tags?post=171178"}],"curies":[{"name":"wp","href":"https:\/\/api.w.org\/{rel}","templated":true}]}}