{"id":171751,"date":"2024-08-09T09:26:20","date_gmt":"2024-08-09T13:26:20","guid":{"rendered":"https:\/\/shawville.ottawavalleymedia.ca\/?p=171751"},"modified":"2024-08-14T09:50:54","modified_gmt":"2024-08-14T13:50:54","slug":"avis-public-ordures-menageres-et-recyclage","status":"publish","type":"post","link":"https:\/\/shawville.ca\/fr\/avis-public-ordures-menageres-et-recyclage\/","title":{"rendered":"Avis Public \u2013 Ordures m\u00e9nag\u00e8res et recyclage"},"content":{"rendered":"\n<p><strong>ATTENTION R\u00c9SIDENTS DE LA MUNICIPALIT\u00c9 DE SHAWVILLE<\/strong><\/p>\n\n\n\n<p>Vous \u00eates peut-\u00eatre au courant que la MRC Pontiac a r\u00e9cemment attribu\u00e9 un nouveau contrat de collecte des ordures \u00e0 Centre Fillogreen situ\u00e9 \u00e0 Litchfield. Cette mise \u00e0 jour entrera en vigueur \u00e0 partir du lundi 19 ao\u00fbt 2024.<\/p>\n\n\n\n<p>En cons\u00e9quence, tous les d\u00e9chets de Shawville seront d\u00e9sormais achemin\u00e9s vers l\u2019installation de FilloGreen \u00e0 Litchfield.<\/p>\n\n\n\n<p>En pr\u00e9paration \u00e0 ces changements, la Municipalit\u00e9 a investi dans un camion compacteur et pr\u00e9voit de fournir de nouveaux bacs \u00e0 ordures \u00e0 chaque propri\u00e9t\u00e9 r\u00e9sidentielle. Il deviendra obligatoire de placer les sacs \u00e0 ordures dans ces bacs pour la collecte. Jusqu&#8217;\u00e0 ce que les nouveaux bacs soient distribu\u00e9s, les r\u00e9sidents doivent continuer \u00e0 disposer de leurs ordures comme ils le font actuellement.<\/p>\n\n\n\n<p>Pour le moment, les proc\u00e9dures de recyclage ne changeront pas; les mat\u00e9riaux seront toujours envoy\u00e9s \u00e0 McGrimmon Cartage jusqu&#8217;\u00e0 la fin de 2024. Les r\u00e9sidents de Shawville peuvent continuer \u00e0 d\u00e9poser du recyclage suppl\u00e9mentaire sans frais suppl\u00e9mentaires.<\/p>\n\n\n\n<p>Bien que McGrimmon reste une option pour se d\u00e9barrasser des d\u00e9chets suppl\u00e9mentaires ou des d\u00e9bris de construction, veuillez noter que ces services seront \u00e0 la charge du client.<\/p>\n\n\n\n<p>Tout d\u00e9chet suppl\u00e9mentaire ou mat\u00e9riel de construction achemin\u00e9 directement au Centre FilloGreen entra\u00eenera \u00e9galement des frais payables par le client.<\/p>\n\n\n\n<p>La Municipalit\u00e9 est heureuse d&#8217;annoncer le retour des collectes d\u2019objets lourds deux fois par an, ce service reprenant en 2025.<\/p>\n\n\n\n<p>Les plans futurs incluent l&#8217;introduction de la collecte de compost, ce qui pourrait entra\u00eener d&#8217;autres ajustements aux horaires de collecte.<\/p>\n\n\n\n<p>Nous vous remercions de votre patience et de votre compr\u00e9hension lors de cette transition vers ces nouvelles proc\u00e9dures de gestion des d\u00e9chets. Des informations plus d\u00e9taill\u00e9es seront fournies au fur et \u00e0 mesure qu&#8217;elles seront disponibles. Merci de votre coop\u00e9ration pendant cette p\u00e9riode de changement.<\/p>\n","protected":false},"excerpt":{"rendered":"<p>ATTENTION R\u00c9SIDENTS DE LA MUNICIPALIT\u00c9 DE SHAWVILLE Vous \u00eates peut-\u00eatre au courant que la MRC Pontiac a r\u00e9cemment attribu\u00e9 un nouveau contrat de collecte des ordures \u00e0 Centre Fillogreen situ\u00e9 \u00e0 Litchfield. Cette mise \u00e0 jour entrera en vigueur \u00e0 partir du lundi 19 ao\u00fbt 2024. En cons\u00e9quence, tous les d\u00e9chets de Shawville seront d\u00e9sormais &hellip;<\/p>\n","protected":false},"author":1,"featured_media":0,"comment_status":"closed","ping_status":"open","sticky":false,"template":"","format":"standard","meta":{"_acf_changed":false,"footnotes":""},"categories":[83],"tags":[],"class_list":["post-171751","post","type-post","status-publish","format-standard","hentry","category-avis-public"],"featured_image_src":"","blog_images":{"medium":"","large":""},"acf":[],"ams_acf":[],"yoast_head":"<!-- This site is optimized with the Yoast SEO plugin v27.4 - https:\/\/yoast.com\/product\/yoast-seo-wordpress\/ -->\n<title>Avis Public \u2013 Ordures m\u00e9nag\u00e8res et recyclage - Municipalit\u00e9 de Shawville Quebec<\/title>\n<meta name=\"robots\" content=\"index, follow, max-snippet:-1, max-image-preview:large, max-video-preview:-1\" \/>\n<link rel=\"canonical\" href=\"https:\/\/shawville.ca\/fr\/avis-public-ordures-menageres-et-recyclage\/\" \/>\n<meta property=\"og:locale\" content=\"fr_FR\" \/>\n<meta property=\"og:type\" content=\"article\" \/>\n<meta property=\"og:title\" content=\"Avis Public \u2013 Ordures m\u00e9nag\u00e8res et recyclage - Municipalit\u00e9 de Shawville Quebec\" \/>\n<meta property=\"og:description\" content=\"ATTENTION R\u00c9SIDENTS DE LA MUNICIPALIT\u00c9 DE SHAWVILLE Vous \u00eates peut-\u00eatre au courant que la MRC Pontiac a r\u00e9cemment attribu\u00e9 un nouveau contrat de collecte des ordures \u00e0 Centre Fillogreen situ\u00e9 \u00e0 Litchfield. Cette mise \u00e0 jour entrera en vigueur \u00e0 partir du lundi 19 ao\u00fbt 2024. En cons\u00e9quence, tous les d\u00e9chets de Shawville seront d\u00e9sormais &hellip;\" \/>\n<meta property=\"og:url\" content=\"https:\/\/shawville.ca\/fr\/avis-public-ordures-menageres-et-recyclage\/\" \/>\n<meta property=\"og:site_name\" content=\"Municipalit\u00e9 de Shawville Quebec\" \/>\n<meta property=\"article:publisher\" content=\"https:\/\/www.facebook.com\/shawvillequebec\" \/>\n<meta property=\"article:published_time\" content=\"2024-08-09T13:26:20+00:00\" \/>\n<meta property=\"article:modified_time\" content=\"2024-08-14T13:50:54+00:00\" \/>\n<meta property=\"og:image\" content=\"https:\/\/shawville.ca\/wp-content\/uploads\/2024\/03\/shawville.jpg\" \/>\n\t<meta property=\"og:image:width\" content=\"1280\" \/>\n\t<meta property=\"og:image:height\" content=\"720\" \/>\n\t<meta property=\"og:image:type\" content=\"image\/jpeg\" \/>\n<meta name=\"author\" content=\"Shawville\" \/>\n<meta name=\"twitter:card\" content=\"summary_large_image\" \/>\n<meta name=\"twitter:label1\" content=\"\u00c9crit par\" \/>\n\t<meta name=\"twitter:data1\" content=\"Shawville\" \/>\n\t<meta name=\"twitter:label2\" content=\"Dur\u00e9e de lecture estim\u00e9e\" \/>\n\t<meta name=\"twitter:data2\" content=\"2 minutes\" \/>\n<script type=\"application\/ld+json\" class=\"yoast-schema-graph\">{\"@context\":\"https:\\\/\\\/schema.org\",\"@graph\":[{\"@type\":\"Article\",\"@id\":\"https:\\\/\\\/shawville.ca\\\/fr\\\/avis-public-ordures-menageres-et-recyclage\\\/#article\",\"isPartOf\":{\"@id\":\"https:\\\/\\\/shawville.ca\\\/fr\\\/avis-public-ordures-menageres-et-recyclage\\\/\"},\"author\":{\"name\":\"Shawville\",\"@id\":\"https:\\\/\\\/shawville.ca\\\/fr\\\/#\\\/schema\\\/person\\\/323716889a7e697a98717839e9dd0650\"},\"headline\":\"Avis Public \u2013 Ordures m\u00e9nag\u00e8res et recyclage\",\"datePublished\":\"2024-08-09T13:26:20+00:00\",\"dateModified\":\"2024-08-14T13:50:54+00:00\",\"mainEntityOfPage\":{\"@id\":\"https:\\\/\\\/shawville.ca\\\/fr\\\/avis-public-ordures-menageres-et-recyclage\\\/\"},\"wordCount\":328,\"publisher\":{\"@id\":\"https:\\\/\\\/shawville.ca\\\/fr\\\/#organization\"},\"articleSection\":[\"Avis Public\"],\"inLanguage\":\"fr-FR\"},{\"@type\":\"WebPage\",\"@id\":\"https:\\\/\\\/shawville.ca\\\/fr\\\/avis-public-ordures-menageres-et-recyclage\\\/\",\"url\":\"https:\\\/\\\/shawville.ca\\\/fr\\\/avis-public-ordures-menageres-et-recyclage\\\/\",\"name\":\"Avis Public \u2013 Ordures m\u00e9nag\u00e8res et recyclage - Municipalit\u00e9 de Shawville Quebec\",\"isPartOf\":{\"@id\":\"https:\\\/\\\/shawville.ca\\\/fr\\\/#website\"},\"datePublished\":\"2024-08-09T13:26:20+00:00\",\"dateModified\":\"2024-08-14T13:50:54+00:00\",\"breadcrumb\":{\"@id\":\"https:\\\/\\\/shawville.ca\\\/fr\\\/avis-public-ordures-menageres-et-recyclage\\\/#breadcrumb\"},\"inLanguage\":\"fr-FR\",\"potentialAction\":[{\"@type\":\"ReadAction\",\"target\":[\"https:\\\/\\\/shawville.ca\\\/fr\\\/avis-public-ordures-menageres-et-recyclage\\\/\"]}]},{\"@type\":\"BreadcrumbList\",\"@id\":\"https:\\\/\\\/shawville.ca\\\/fr\\\/avis-public-ordures-menageres-et-recyclage\\\/#breadcrumb\",\"itemListElement\":[{\"@type\":\"ListItem\",\"position\":1,\"name\":\"Home\",\"item\":\"https:\\\/\\\/shawville.ca\\\/fr\\\/\"},{\"@type\":\"ListItem\",\"position\":2,\"name\":\"Avis Public \u2013 Ordures m\u00e9nag\u00e8res et recyclage\"}]},{\"@type\":\"WebSite\",\"@id\":\"https:\\\/\\\/shawville.ca\\\/fr\\\/#website\",\"url\":\"https:\\\/\\\/shawville.ca\\\/fr\\\/\",\"name\":\"Municipality of Shawville Quebec\",\"description\":\"Simplement Invitant\",\"publisher\":{\"@id\":\"https:\\\/\\\/shawville.ca\\\/fr\\\/#organization\"},\"alternateName\":\"Shawville\",\"potentialAction\":[{\"@type\":\"SearchAction\",\"target\":{\"@type\":\"EntryPoint\",\"urlTemplate\":\"https:\\\/\\\/shawville.ca\\\/fr\\\/?s={search_term_string}\"},\"query-input\":{\"@type\":\"PropertyValueSpecification\",\"valueRequired\":true,\"valueName\":\"search_term_string\"}}],\"inLanguage\":\"fr-FR\"},{\"@type\":\"Organization\",\"@id\":\"https:\\\/\\\/shawville.ca\\\/fr\\\/#organization\",\"name\":\"The Municipality of Shawville\",\"alternateName\":\"Shawville\",\"url\":\"https:\\\/\\\/shawville.ca\\\/fr\\\/\",\"logo\":{\"@type\":\"ImageObject\",\"inLanguage\":\"fr-FR\",\"@id\":\"https:\\\/\\\/shawville.ca\\\/fr\\\/#\\\/schema\\\/logo\\\/image\\\/\",\"url\":\"https:\\\/\\\/shawville.ca\\\/wp-content\\\/uploads\\\/2023\\\/09\\\/shawville-quebec-footer-logo.png\",\"contentUrl\":\"https:\\\/\\\/shawville.ca\\\/wp-content\\\/uploads\\\/2023\\\/09\\\/shawville-quebec-footer-logo.png\",\"width\":550,\"height\":550,\"caption\":\"The Municipality of Shawville\"},\"image\":{\"@id\":\"https:\\\/\\\/shawville.ca\\\/fr\\\/#\\\/schema\\\/logo\\\/image\\\/\"},\"sameAs\":[\"https:\\\/\\\/www.facebook.com\\\/shawvillequebec\",\"https:\\\/\\\/www.instagram.com\\\/destination.pontiac\\\/\",\"https:\\\/\\\/www.youtube.com\\\/channel\\\/UCsfXrrSPVm8eMca37PeSZYg\",\"https:\\\/\\\/www.linkedin.com\\\/company\\\/mrc-pontiac\\\/\"]},{\"@type\":\"Person\",\"@id\":\"https:\\\/\\\/shawville.ca\\\/fr\\\/#\\\/schema\\\/person\\\/323716889a7e697a98717839e9dd0650\",\"name\":\"Shawville\",\"sameAs\":[\"https:\\\/\\\/shawville.ca\"],\"url\":\"https:\\\/\\\/shawville.ca\\\/fr\\\/author\\\/mrc\\\/\"}]}<\/script>\n<!-- \/ Yoast SEO plugin. -->","yoast_head_json":{"title":"Avis Public \u2013 Ordures m\u00e9nag\u00e8res et recyclage - Municipalit\u00e9 de Shawville Quebec","robots":{"index":"index","follow":"follow","max-snippet":"max-snippet:-1","max-image-preview":"max-image-preview:large","max-video-preview":"max-video-preview:-1"},"canonical":"https:\/\/shawville.ca\/fr\/avis-public-ordures-menageres-et-recyclage\/","og_locale":"fr_FR","og_type":"article","og_title":"Avis Public \u2013 Ordures m\u00e9nag\u00e8res et recyclage - Municipalit\u00e9 de Shawville Quebec","og_description":"ATTENTION R\u00c9SIDENTS DE LA MUNICIPALIT\u00c9 DE SHAWVILLE Vous \u00eates peut-\u00eatre au courant que la MRC Pontiac a r\u00e9cemment attribu\u00e9 un nouveau contrat de collecte des ordures \u00e0 Centre Fillogreen situ\u00e9 \u00e0 Litchfield. Cette mise \u00e0 jour entrera en vigueur \u00e0 partir du lundi 19 ao\u00fbt 2024. En cons\u00e9quence, tous les d\u00e9chets de Shawville seront d\u00e9sormais &hellip;","og_url":"https:\/\/shawville.ca\/fr\/avis-public-ordures-menageres-et-recyclage\/","og_site_name":"Municipalit\u00e9 de Shawville Quebec","article_publisher":"https:\/\/www.facebook.com\/shawvillequebec","article_published_time":"2024-08-09T13:26:20+00:00","article_modified_time":"2024-08-14T13:50:54+00:00","og_image":[{"width":1280,"height":720,"url":"https:\/\/shawville.ca\/wp-content\/uploads\/2024\/03\/shawville.jpg","type":"image\/jpeg"}],"author":"Shawville","twitter_card":"summary_large_image","twitter_misc":{"\u00c9crit par":"Shawville","Dur\u00e9e de lecture estim\u00e9e":"2 minutes"},"schema":{"@context":"https:\/\/schema.org","@graph":[{"@type":"Article","@id":"https:\/\/shawville.ca\/fr\/avis-public-ordures-menageres-et-recyclage\/#article","isPartOf":{"@id":"https:\/\/shawville.ca\/fr\/avis-public-ordures-menageres-et-recyclage\/"},"author":{"name":"Shawville","@id":"https:\/\/shawville.ca\/fr\/#\/schema\/person\/323716889a7e697a98717839e9dd0650"},"headline":"Avis Public \u2013 Ordures m\u00e9nag\u00e8res et recyclage","datePublished":"2024-08-09T13:26:20+00:00","dateModified":"2024-08-14T13:50:54+00:00","mainEntityOfPage":{"@id":"https:\/\/shawville.ca\/fr\/avis-public-ordures-menageres-et-recyclage\/"},"wordCount":328,"publisher":{"@id":"https:\/\/shawville.ca\/fr\/#organization"},"articleSection":["Avis Public"],"inLanguage":"fr-FR"},{"@type":"WebPage","@id":"https:\/\/shawville.ca\/fr\/avis-public-ordures-menageres-et-recyclage\/","url":"https:\/\/shawville.ca\/fr\/avis-public-ordures-menageres-et-recyclage\/","name":"Avis Public \u2013 Ordures m\u00e9nag\u00e8res et recyclage - Municipalit\u00e9 de Shawville Quebec","isPartOf":{"@id":"https:\/\/shawville.ca\/fr\/#website"},"datePublished":"2024-08-09T13:26:20+00:00","dateModified":"2024-08-14T13:50:54+00:00","breadcrumb":{"@id":"https:\/\/shawville.ca\/fr\/avis-public-ordures-menageres-et-recyclage\/#breadcrumb"},"inLanguage":"fr-FR","potentialAction":[{"@type":"ReadAction","target":["https:\/\/shawville.ca\/fr\/avis-public-ordures-menageres-et-recyclage\/"]}]},{"@type":"BreadcrumbList","@id":"https:\/\/shawville.ca\/fr\/avis-public-ordures-menageres-et-recyclage\/#breadcrumb","itemListElement":[{"@type":"ListItem","position":1,"name":"Home","item":"https:\/\/shawville.ca\/fr\/"},{"@type":"ListItem","position":2,"name":"Avis Public \u2013 Ordures m\u00e9nag\u00e8res et recyclage"}]},{"@type":"WebSite","@id":"https:\/\/shawville.ca\/fr\/#website","url":"https:\/\/shawville.ca\/fr\/","name":"Municipality of Shawville Quebec","description":"Simplement Invitant","publisher":{"@id":"https:\/\/shawville.ca\/fr\/#organization"},"alternateName":"Shawville","potentialAction":[{"@type":"SearchAction","target":{"@type":"EntryPoint","urlTemplate":"https:\/\/shawville.ca\/fr\/?s={search_term_string}"},"query-input":{"@type":"PropertyValueSpecification","valueRequired":true,"valueName":"search_term_string"}}],"inLanguage":"fr-FR"},{"@type":"Organization","@id":"https:\/\/shawville.ca\/fr\/#organization","name":"The Municipality of Shawville","alternateName":"Shawville","url":"https:\/\/shawville.ca\/fr\/","logo":{"@type":"ImageObject","inLanguage":"fr-FR","@id":"https:\/\/shawville.ca\/fr\/#\/schema\/logo\/image\/","url":"https:\/\/shawville.ca\/wp-content\/uploads\/2023\/09\/shawville-quebec-footer-logo.png","contentUrl":"https:\/\/shawville.ca\/wp-content\/uploads\/2023\/09\/shawville-quebec-footer-logo.png","width":550,"height":550,"caption":"The Municipality of Shawville"},"image":{"@id":"https:\/\/shawville.ca\/fr\/#\/schema\/logo\/image\/"},"sameAs":["https:\/\/www.facebook.com\/shawvillequebec","https:\/\/www.instagram.com\/destination.pontiac\/","https:\/\/www.youtube.com\/channel\/UCsfXrrSPVm8eMca37PeSZYg","https:\/\/www.linkedin.com\/company\/mrc-pontiac\/"]},{"@type":"Person","@id":"https:\/\/shawville.ca\/fr\/#\/schema\/person\/323716889a7e697a98717839e9dd0650","name":"Shawville","sameAs":["https:\/\/shawville.ca"],"url":"https:\/\/shawville.ca\/fr\/author\/mrc\/"}]}},"_links":{"self":[{"href":"https:\/\/shawville.ca\/fr\/wp-json\/wp\/v2\/posts\/171751","targetHints":{"allow":["GET"]}}],"collection":[{"href":"https:\/\/shawville.ca\/fr\/wp-json\/wp\/v2\/posts"}],"about":[{"href":"https:\/\/shawville.ca\/fr\/wp-json\/wp\/v2\/types\/post"}],"author":[{"embeddable":true,"href":"https:\/\/shawville.ca\/fr\/wp-json\/wp\/v2\/users\/1"}],"replies":[{"embeddable":true,"href":"https:\/\/shawville.ca\/fr\/wp-json\/wp\/v2\/comments?post=171751"}],"version-history":[{"count":2,"href":"https:\/\/shawville.ca\/fr\/wp-json\/wp\/v2\/posts\/171751\/revisions"}],"predecessor-version":[{"id":171881,"href":"https:\/\/shawville.ca\/fr\/wp-json\/wp\/v2\/posts\/171751\/revisions\/171881"}],"wp:attachment":[{"href":"https:\/\/shawville.ca\/fr\/wp-json\/wp\/v2\/media?parent=171751"}],"wp:term":[{"taxonomy":"category","embeddable":true,"href":"https:\/\/shawville.ca\/fr\/wp-json\/wp\/v2\/categories?post=171751"},{"taxonomy":"post_tag","embeddable":true,"href":"https:\/\/shawville.ca\/fr\/wp-json\/wp\/v2\/tags?post=171751"}],"curies":[{"name":"wp","href":"https:\/\/api.w.org\/{rel}","templated":true}]}}