{"id":173398,"date":"2024-11-28T09:58:42","date_gmt":"2024-11-28T14:58:42","guid":{"rendered":"https:\/\/shawville.ottawavalleymedia.ca\/santa-claus-parade-of-lights\/"},"modified":"2024-11-28T10:03:24","modified_gmt":"2024-11-28T15:03:24","slug":"santa-claus-parade-of-lights","status":"publish","type":"post","link":"https:\/\/shawville.ca\/fr\/santa-claus-parade-of-lights\/","title":{"rendered":"Parade des lumi\u00e8res du P\u00e8re No\u00ebl"},"content":{"rendered":"\n<p>La municipalit\u00e9 de Shawville et Clarendon<\/p>\n\n\n\n<p id=\"block-abd1c383-489e-46f7-9804-cce28904250b\">Le samedi 30 novembre \u00e0 partir de 17 h 30<\/p>\n\n\n\n<p id=\"block-12acc337-9ad2-4b29-aaff-981ff93835db\">Inscription \u00e0 16h30 au garage des bus.<\/p>\n\n\n\n<p id=\"block-3bd4fa05-8dec-497a-b989-1f882eb6de7e\">La pr\u00e9inscription est appr\u00e9ci\u00e9e. Veuillez vous inscrire \u00e0 l&#8217;h\u00f4tel de ville en composant le 819-647-2979.<\/p>\n\n\n\n<p id=\"block-adfb4ce3-198e-434a-a056-c7800a330381\">Les animaux qui participeront au d\u00e9fil\u00e9 DOIVENT avoir une assurance responsabilit\u00e9.<\/p>\n\n\n\n<p id=\"block-ea87a546-b6a3-43e6-8187-ea123a873d66\">Le P\u00e8re No\u00ebl se rendra \u00e0 la loge communautaire apr\u00e8s le d\u00e9fil\u00e9, au 244, rue Main.<\/p>\n\n\n\n<p>Des cartes-cadeaux seront distribu\u00e9es en guise de prix.<\/p>\n","protected":false},"excerpt":{"rendered":"<p>La municipalit\u00e9 de Shawville et Clarendon Le samedi 30 novembre \u00e0 partir de 17 h 30 Inscription \u00e0 16h30 au garage des bus. La pr\u00e9inscription est appr\u00e9ci\u00e9e. Veuillez vous inscrire \u00e0 l&#8217;h\u00f4tel de ville en composant le 819-647-2979. Les animaux qui participeront au d\u00e9fil\u00e9 DOIVENT avoir une assurance responsabilit\u00e9. Le P\u00e8re No\u00ebl se rendra \u00e0 &hellip;<\/p>\n","protected":false},"author":8,"featured_media":0,"comment_status":"closed","ping_status":"closed","sticky":false,"template":"","format":"standard","meta":{"_acf_changed":false,"footnotes":""},"categories":[83],"tags":[],"class_list":["post-173398","post","type-post","status-publish","format-standard","hentry","category-avis-public"],"featured_image_src":"","blog_images":{"medium":"","large":""},"acf":[],"ams_acf":[],"yoast_head":"<!-- This site is optimized with the Yoast SEO plugin v27.4 - https:\/\/yoast.com\/product\/yoast-seo-wordpress\/ -->\n<title>Parade des lumi\u00e8res du P\u00e8re No\u00ebl - Municipalit\u00e9 de Shawville Quebec<\/title>\n<meta name=\"robots\" content=\"index, follow, max-snippet:-1, max-image-preview:large, max-video-preview:-1\" \/>\n<link rel=\"canonical\" href=\"https:\/\/shawville.ca\/fr\/santa-claus-parade-of-lights\/\" \/>\n<meta property=\"og:locale\" content=\"fr_FR\" \/>\n<meta property=\"og:type\" content=\"article\" \/>\n<meta property=\"og:title\" content=\"Parade des lumi\u00e8res du P\u00e8re No\u00ebl - Municipalit\u00e9 de Shawville Quebec\" \/>\n<meta property=\"og:description\" content=\"La municipalit\u00e9 de Shawville et Clarendon Le samedi 30 novembre \u00e0 partir de 17 h 30 Inscription \u00e0 16h30 au garage des bus. La pr\u00e9inscription est appr\u00e9ci\u00e9e. Veuillez vous inscrire \u00e0 l&#8217;h\u00f4tel de ville en composant le 819-647-2979. Les animaux qui participeront au d\u00e9fil\u00e9 DOIVENT avoir une assurance responsabilit\u00e9. Le P\u00e8re No\u00ebl se rendra \u00e0 &hellip;\" \/>\n<meta property=\"og:url\" content=\"https:\/\/shawville.ca\/fr\/santa-claus-parade-of-lights\/\" \/>\n<meta property=\"og:site_name\" content=\"Municipalit\u00e9 de Shawville Quebec\" \/>\n<meta property=\"article:publisher\" content=\"https:\/\/www.facebook.com\/shawvillequebec\" \/>\n<meta property=\"article:published_time\" content=\"2024-11-28T14:58:42+00:00\" \/>\n<meta property=\"article:modified_time\" content=\"2024-11-28T15:03:24+00:00\" \/>\n<meta property=\"og:image\" content=\"https:\/\/shawville.ca\/wp-content\/uploads\/2024\/03\/shawville.jpg\" \/>\n\t<meta property=\"og:image:width\" content=\"1280\" \/>\n\t<meta property=\"og:image:height\" content=\"720\" \/>\n\t<meta property=\"og:image:type\" content=\"image\/jpeg\" \/>\n<meta name=\"author\" content=\"Office\" \/>\n<meta name=\"twitter:card\" content=\"summary_large_image\" \/>\n<meta name=\"twitter:label1\" content=\"\u00c9crit par\" \/>\n\t<meta name=\"twitter:data1\" content=\"Office\" \/>\n\t<meta name=\"twitter:label2\" content=\"Dur\u00e9e de lecture estim\u00e9e\" \/>\n\t<meta name=\"twitter:data2\" content=\"1 minute\" \/>\n<script type=\"application\/ld+json\" class=\"yoast-schema-graph\">{\"@context\":\"https:\\\/\\\/schema.org\",\"@graph\":[{\"@type\":\"Article\",\"@id\":\"https:\\\/\\\/shawville.ca\\\/fr\\\/santa-claus-parade-of-lights\\\/#article\",\"isPartOf\":{\"@id\":\"https:\\\/\\\/shawville.ca\\\/fr\\\/santa-claus-parade-of-lights\\\/\"},\"author\":{\"name\":\"Office\",\"@id\":\"https:\\\/\\\/shawville.ca\\\/fr\\\/#\\\/schema\\\/person\\\/5306b81971f00739d9bbd54727cba0b1\"},\"headline\":\"Parade des lumi\u00e8res du P\u00e8re No\u00ebl\",\"datePublished\":\"2024-11-28T14:58:42+00:00\",\"dateModified\":\"2024-11-28T15:03:24+00:00\",\"mainEntityOfPage\":{\"@id\":\"https:\\\/\\\/shawville.ca\\\/fr\\\/santa-claus-parade-of-lights\\\/\"},\"wordCount\":86,\"publisher\":{\"@id\":\"https:\\\/\\\/shawville.ca\\\/fr\\\/#organization\"},\"articleSection\":[\"Avis Public\"],\"inLanguage\":\"fr-FR\"},{\"@type\":\"WebPage\",\"@id\":\"https:\\\/\\\/shawville.ca\\\/fr\\\/santa-claus-parade-of-lights\\\/\",\"url\":\"https:\\\/\\\/shawville.ca\\\/fr\\\/santa-claus-parade-of-lights\\\/\",\"name\":\"Parade des lumi\u00e8res du P\u00e8re No\u00ebl - Municipalit\u00e9 de Shawville Quebec\",\"isPartOf\":{\"@id\":\"https:\\\/\\\/shawville.ca\\\/fr\\\/#website\"},\"datePublished\":\"2024-11-28T14:58:42+00:00\",\"dateModified\":\"2024-11-28T15:03:24+00:00\",\"breadcrumb\":{\"@id\":\"https:\\\/\\\/shawville.ca\\\/fr\\\/santa-claus-parade-of-lights\\\/#breadcrumb\"},\"inLanguage\":\"fr-FR\",\"potentialAction\":[{\"@type\":\"ReadAction\",\"target\":[\"https:\\\/\\\/shawville.ca\\\/fr\\\/santa-claus-parade-of-lights\\\/\"]}]},{\"@type\":\"BreadcrumbList\",\"@id\":\"https:\\\/\\\/shawville.ca\\\/fr\\\/santa-claus-parade-of-lights\\\/#breadcrumb\",\"itemListElement\":[{\"@type\":\"ListItem\",\"position\":1,\"name\":\"Home\",\"item\":\"https:\\\/\\\/shawville.ca\\\/fr\\\/\"},{\"@type\":\"ListItem\",\"position\":2,\"name\":\"Parade des lumi\u00e8res du P\u00e8re No\u00ebl\"}]},{\"@type\":\"WebSite\",\"@id\":\"https:\\\/\\\/shawville.ca\\\/fr\\\/#website\",\"url\":\"https:\\\/\\\/shawville.ca\\\/fr\\\/\",\"name\":\"Municipality of Shawville Quebec\",\"description\":\"Simplement Invitant\",\"publisher\":{\"@id\":\"https:\\\/\\\/shawville.ca\\\/fr\\\/#organization\"},\"alternateName\":\"Shawville\",\"potentialAction\":[{\"@type\":\"SearchAction\",\"target\":{\"@type\":\"EntryPoint\",\"urlTemplate\":\"https:\\\/\\\/shawville.ca\\\/fr\\\/?s={search_term_string}\"},\"query-input\":{\"@type\":\"PropertyValueSpecification\",\"valueRequired\":true,\"valueName\":\"search_term_string\"}}],\"inLanguage\":\"fr-FR\"},{\"@type\":\"Organization\",\"@id\":\"https:\\\/\\\/shawville.ca\\\/fr\\\/#organization\",\"name\":\"The Municipality of Shawville\",\"alternateName\":\"Shawville\",\"url\":\"https:\\\/\\\/shawville.ca\\\/fr\\\/\",\"logo\":{\"@type\":\"ImageObject\",\"inLanguage\":\"fr-FR\",\"@id\":\"https:\\\/\\\/shawville.ca\\\/fr\\\/#\\\/schema\\\/logo\\\/image\\\/\",\"url\":\"https:\\\/\\\/shawville.ca\\\/wp-content\\\/uploads\\\/2023\\\/09\\\/shawville-quebec-footer-logo.png\",\"contentUrl\":\"https:\\\/\\\/shawville.ca\\\/wp-content\\\/uploads\\\/2023\\\/09\\\/shawville-quebec-footer-logo.png\",\"width\":550,\"height\":550,\"caption\":\"The Municipality of Shawville\"},\"image\":{\"@id\":\"https:\\\/\\\/shawville.ca\\\/fr\\\/#\\\/schema\\\/logo\\\/image\\\/\"},\"sameAs\":[\"https:\\\/\\\/www.facebook.com\\\/shawvillequebec\",\"https:\\\/\\\/www.instagram.com\\\/destination.pontiac\\\/\",\"https:\\\/\\\/www.youtube.com\\\/channel\\\/UCsfXrrSPVm8eMca37PeSZYg\",\"https:\\\/\\\/www.linkedin.com\\\/company\\\/mrc-pontiac\\\/\"]},{\"@type\":\"Person\",\"@id\":\"https:\\\/\\\/shawville.ca\\\/fr\\\/#\\\/schema\\\/person\\\/5306b81971f00739d9bbd54727cba0b1\",\"name\":\"Office\",\"sameAs\":[\"https:\\\/\\\/shawville.ca\"],\"url\":\"https:\\\/\\\/shawville.ca\\\/fr\\\/author\\\/office\\\/\"}]}<\/script>\n<!-- \/ Yoast SEO plugin. -->","yoast_head_json":{"title":"Parade des lumi\u00e8res du P\u00e8re No\u00ebl - Municipalit\u00e9 de Shawville Quebec","robots":{"index":"index","follow":"follow","max-snippet":"max-snippet:-1","max-image-preview":"max-image-preview:large","max-video-preview":"max-video-preview:-1"},"canonical":"https:\/\/shawville.ca\/fr\/santa-claus-parade-of-lights\/","og_locale":"fr_FR","og_type":"article","og_title":"Parade des lumi\u00e8res du P\u00e8re No\u00ebl - Municipalit\u00e9 de Shawville Quebec","og_description":"La municipalit\u00e9 de Shawville et Clarendon Le samedi 30 novembre \u00e0 partir de 17 h 30 Inscription \u00e0 16h30 au garage des bus. La pr\u00e9inscription est appr\u00e9ci\u00e9e. Veuillez vous inscrire \u00e0 l&#8217;h\u00f4tel de ville en composant le 819-647-2979. Les animaux qui participeront au d\u00e9fil\u00e9 DOIVENT avoir une assurance responsabilit\u00e9. Le P\u00e8re No\u00ebl se rendra \u00e0 &hellip;","og_url":"https:\/\/shawville.ca\/fr\/santa-claus-parade-of-lights\/","og_site_name":"Municipalit\u00e9 de Shawville Quebec","article_publisher":"https:\/\/www.facebook.com\/shawvillequebec","article_published_time":"2024-11-28T14:58:42+00:00","article_modified_time":"2024-11-28T15:03:24+00:00","og_image":[{"width":1280,"height":720,"url":"https:\/\/shawville.ca\/wp-content\/uploads\/2024\/03\/shawville.jpg","type":"image\/jpeg"}],"author":"Office","twitter_card":"summary_large_image","twitter_misc":{"\u00c9crit par":"Office","Dur\u00e9e de lecture estim\u00e9e":"1 minute"},"schema":{"@context":"https:\/\/schema.org","@graph":[{"@type":"Article","@id":"https:\/\/shawville.ca\/fr\/santa-claus-parade-of-lights\/#article","isPartOf":{"@id":"https:\/\/shawville.ca\/fr\/santa-claus-parade-of-lights\/"},"author":{"name":"Office","@id":"https:\/\/shawville.ca\/fr\/#\/schema\/person\/5306b81971f00739d9bbd54727cba0b1"},"headline":"Parade des lumi\u00e8res du P\u00e8re No\u00ebl","datePublished":"2024-11-28T14:58:42+00:00","dateModified":"2024-11-28T15:03:24+00:00","mainEntityOfPage":{"@id":"https:\/\/shawville.ca\/fr\/santa-claus-parade-of-lights\/"},"wordCount":86,"publisher":{"@id":"https:\/\/shawville.ca\/fr\/#organization"},"articleSection":["Avis Public"],"inLanguage":"fr-FR"},{"@type":"WebPage","@id":"https:\/\/shawville.ca\/fr\/santa-claus-parade-of-lights\/","url":"https:\/\/shawville.ca\/fr\/santa-claus-parade-of-lights\/","name":"Parade des lumi\u00e8res du P\u00e8re No\u00ebl - Municipalit\u00e9 de Shawville Quebec","isPartOf":{"@id":"https:\/\/shawville.ca\/fr\/#website"},"datePublished":"2024-11-28T14:58:42+00:00","dateModified":"2024-11-28T15:03:24+00:00","breadcrumb":{"@id":"https:\/\/shawville.ca\/fr\/santa-claus-parade-of-lights\/#breadcrumb"},"inLanguage":"fr-FR","potentialAction":[{"@type":"ReadAction","target":["https:\/\/shawville.ca\/fr\/santa-claus-parade-of-lights\/"]}]},{"@type":"BreadcrumbList","@id":"https:\/\/shawville.ca\/fr\/santa-claus-parade-of-lights\/#breadcrumb","itemListElement":[{"@type":"ListItem","position":1,"name":"Home","item":"https:\/\/shawville.ca\/fr\/"},{"@type":"ListItem","position":2,"name":"Parade des lumi\u00e8res du P\u00e8re No\u00ebl"}]},{"@type":"WebSite","@id":"https:\/\/shawville.ca\/fr\/#website","url":"https:\/\/shawville.ca\/fr\/","name":"Municipality of Shawville Quebec","description":"Simplement Invitant","publisher":{"@id":"https:\/\/shawville.ca\/fr\/#organization"},"alternateName":"Shawville","potentialAction":[{"@type":"SearchAction","target":{"@type":"EntryPoint","urlTemplate":"https:\/\/shawville.ca\/fr\/?s={search_term_string}"},"query-input":{"@type":"PropertyValueSpecification","valueRequired":true,"valueName":"search_term_string"}}],"inLanguage":"fr-FR"},{"@type":"Organization","@id":"https:\/\/shawville.ca\/fr\/#organization","name":"The Municipality of Shawville","alternateName":"Shawville","url":"https:\/\/shawville.ca\/fr\/","logo":{"@type":"ImageObject","inLanguage":"fr-FR","@id":"https:\/\/shawville.ca\/fr\/#\/schema\/logo\/image\/","url":"https:\/\/shawville.ca\/wp-content\/uploads\/2023\/09\/shawville-quebec-footer-logo.png","contentUrl":"https:\/\/shawville.ca\/wp-content\/uploads\/2023\/09\/shawville-quebec-footer-logo.png","width":550,"height":550,"caption":"The Municipality of Shawville"},"image":{"@id":"https:\/\/shawville.ca\/fr\/#\/schema\/logo\/image\/"},"sameAs":["https:\/\/www.facebook.com\/shawvillequebec","https:\/\/www.instagram.com\/destination.pontiac\/","https:\/\/www.youtube.com\/channel\/UCsfXrrSPVm8eMca37PeSZYg","https:\/\/www.linkedin.com\/company\/mrc-pontiac\/"]},{"@type":"Person","@id":"https:\/\/shawville.ca\/fr\/#\/schema\/person\/5306b81971f00739d9bbd54727cba0b1","name":"Office","sameAs":["https:\/\/shawville.ca"],"url":"https:\/\/shawville.ca\/fr\/author\/office\/"}]}},"_links":{"self":[{"href":"https:\/\/shawville.ca\/fr\/wp-json\/wp\/v2\/posts\/173398","targetHints":{"allow":["GET"]}}],"collection":[{"href":"https:\/\/shawville.ca\/fr\/wp-json\/wp\/v2\/posts"}],"about":[{"href":"https:\/\/shawville.ca\/fr\/wp-json\/wp\/v2\/types\/post"}],"author":[{"embeddable":true,"href":"https:\/\/shawville.ca\/fr\/wp-json\/wp\/v2\/users\/8"}],"replies":[{"embeddable":true,"href":"https:\/\/shawville.ca\/fr\/wp-json\/wp\/v2\/comments?post=173398"}],"version-history":[{"count":2,"href":"https:\/\/shawville.ca\/fr\/wp-json\/wp\/v2\/posts\/173398\/revisions"}],"predecessor-version":[{"id":173400,"href":"https:\/\/shawville.ca\/fr\/wp-json\/wp\/v2\/posts\/173398\/revisions\/173400"}],"wp:attachment":[{"href":"https:\/\/shawville.ca\/fr\/wp-json\/wp\/v2\/media?parent=173398"}],"wp:term":[{"taxonomy":"category","embeddable":true,"href":"https:\/\/shawville.ca\/fr\/wp-json\/wp\/v2\/categories?post=173398"},{"taxonomy":"post_tag","embeddable":true,"href":"https:\/\/shawville.ca\/fr\/wp-json\/wp\/v2\/tags?post=173398"}],"curies":[{"name":"wp","href":"https:\/\/api.w.org\/{rel}","templated":true}]}}