{"id":178258,"date":"2026-02-16T09:52:58","date_gmt":"2026-02-16T14:52:58","guid":{"rendered":"https:\/\/shawville.ca\/auto-draft-25\/"},"modified":"2026-02-16T09:53:59","modified_gmt":"2026-02-16T14:53:59","slug":"auto-draft-25","status":"publish","type":"post","link":"https:\/\/shawville.ca\/fr\/auto-draft-25\/","title":{"rendered":"Carnaval d&#8217;hiver de Shawville &#8211; samedi"},"content":{"rendered":"\n<p>Carnaval d\u2019hiver de Shawville<\/p>\n\n\n\n<p>Samedi 21 f\u00e9vrier 2026<\/p>\n\n\n\n<p>Commencez votre journ\u00e9e avec une activit\u00e9 sp\u00e9ciale organis\u00e9e par The Parent\u2019s Voice \u00e0 la biblioth\u00e8que Shawville\u2013Clarendon : Heure du conte avec un pompier \u00e0 10 h 30 \u2014 une activit\u00e9 amusante pour toute la famille !<\/p>\n\n\n\n<p>Ensuite, si la m\u00e9t\u00e9o le permet, rejoignez-nous au terrain de l\u2019Exposition de Shawville \u00e0 partir de 11 h pour des promenades en tra\u00eeneau, de la glissade, du chocolat chaud, des hot-dogs et du ma\u00efs souffl\u00e9. Nourriture offerte jusqu\u2019\u00e0 \u00e9puisement des stocks.<\/p>\n\n\n\n<p>N\u2019oubliez pas d\u2019encourager l\u2019Association de hockey mineur de Shawville District lors de leur journ\u00e9e de cl\u00f4ture \u00e0 domicile au profit du CHEO \u2014 et profitez d\u2019un match de hockey palpitant pendant que vous y \u00eates !<\/p>\n\n\n\n<p>Nous avons h\u00e2te de vous voir pour une journ\u00e9e remplie de plaisir hivernal !<\/p>\n\n\n\n<figure class=\"wp-block-image size-full\"><img fetchpriority=\"high\" decoding=\"async\" width=\"432\" height=\"212\" src=\"https:\/\/shawville.ca\/wp-content\/uploads\/2026\/02\/Carnival-french.jpg\" alt=\"\" class=\"wp-image-178259\" srcset=\"https:\/\/shawville.ca\/wp-content\/uploads\/2026\/02\/Carnival-french.jpg 432w, https:\/\/shawville.ca\/wp-content\/uploads\/2026\/02\/Carnival-french-300x147.jpg 300w\" sizes=\"(max-width: 432px) 100vw, 432px\" \/><\/figure>\n","protected":false},"excerpt":{"rendered":"<p>Carnaval d\u2019hiver de Shawville Samedi 21 f\u00e9vrier 2026 Commencez votre journ\u00e9e avec une activit\u00e9 sp\u00e9ciale organis\u00e9e par The Parent\u2019s Voice \u00e0 la biblioth\u00e8que Shawville\u2013Clarendon : Heure du conte avec un pompier \u00e0 10 h 30 \u2014 une activit\u00e9 amusante pour toute la famille ! Ensuite, si la m\u00e9t\u00e9o le permet, rejoignez-nous au terrain de l\u2019Exposition &hellip;<\/p>\n","protected":false},"author":8,"featured_media":0,"comment_status":"closed","ping_status":"closed","sticky":false,"template":"","format":"standard","meta":{"_acf_changed":false,"footnotes":""},"categories":[83],"tags":[],"class_list":["post-178258","post","type-post","status-publish","format-standard","hentry","category-avis-public"],"featured_image_src":"","blog_images":{"medium":"","large":""},"acf":[],"ams_acf":[],"yoast_head":"<!-- This site is optimized with the Yoast SEO plugin v27.4 - https:\/\/yoast.com\/product\/yoast-seo-wordpress\/ -->\n<title>Carnaval d&#039;hiver de Shawville - samedi - Municipalit\u00e9 de Shawville Quebec<\/title>\n<meta name=\"robots\" content=\"index, follow, max-snippet:-1, max-image-preview:large, max-video-preview:-1\" \/>\n<link rel=\"canonical\" href=\"https:\/\/shawville.ca\/fr\/auto-draft-25\/\" \/>\n<meta property=\"og:locale\" content=\"fr_FR\" \/>\n<meta property=\"og:type\" content=\"article\" \/>\n<meta property=\"og:title\" content=\"Carnaval d&#039;hiver de Shawville - samedi - Municipalit\u00e9 de Shawville Quebec\" \/>\n<meta property=\"og:description\" content=\"Carnaval d\u2019hiver de Shawville Samedi 21 f\u00e9vrier 2026 Commencez votre journ\u00e9e avec une activit\u00e9 sp\u00e9ciale organis\u00e9e par The Parent\u2019s Voice \u00e0 la biblioth\u00e8que Shawville\u2013Clarendon : Heure du conte avec un pompier \u00e0 10 h 30 \u2014 une activit\u00e9 amusante pour toute la famille ! Ensuite, si la m\u00e9t\u00e9o le permet, rejoignez-nous au terrain de l\u2019Exposition &hellip;\" \/>\n<meta property=\"og:url\" content=\"https:\/\/shawville.ca\/fr\/auto-draft-25\/\" \/>\n<meta property=\"og:site_name\" content=\"Municipalit\u00e9 de Shawville Quebec\" \/>\n<meta property=\"article:publisher\" content=\"https:\/\/www.facebook.com\/shawvillequebec\" \/>\n<meta property=\"article:published_time\" content=\"2026-02-16T14:52:58+00:00\" \/>\n<meta property=\"article:modified_time\" content=\"2026-02-16T14:53:59+00:00\" \/>\n<meta property=\"og:image\" content=\"https:\/\/shawville.ca\/wp-content\/uploads\/2026\/02\/Carnival-french.jpg\" \/>\n\t<meta property=\"og:image:width\" content=\"432\" \/>\n\t<meta property=\"og:image:height\" content=\"212\" \/>\n\t<meta property=\"og:image:type\" content=\"image\/jpeg\" \/>\n<meta name=\"author\" content=\"Office\" \/>\n<meta name=\"twitter:card\" content=\"summary_large_image\" \/>\n<meta name=\"twitter:label1\" content=\"\u00c9crit par\" \/>\n\t<meta name=\"twitter:data1\" content=\"Office\" \/>\n\t<meta name=\"twitter:label2\" content=\"Dur\u00e9e de lecture estim\u00e9e\" \/>\n\t<meta name=\"twitter:data2\" content=\"1 minute\" \/>\n<script type=\"application\/ld+json\" class=\"yoast-schema-graph\">{\"@context\":\"https:\\\/\\\/schema.org\",\"@graph\":[{\"@type\":\"Article\",\"@id\":\"https:\\\/\\\/shawville.ca\\\/fr\\\/auto-draft-25\\\/#article\",\"isPartOf\":{\"@id\":\"https:\\\/\\\/shawville.ca\\\/fr\\\/auto-draft-25\\\/\"},\"author\":{\"name\":\"Office\",\"@id\":\"https:\\\/\\\/shawville.ca\\\/fr\\\/#\\\/schema\\\/person\\\/5306b81971f00739d9bbd54727cba0b1\"},\"headline\":\"Carnaval d&#8217;hiver de Shawville &#8211; samedi\",\"datePublished\":\"2026-02-16T14:52:58+00:00\",\"dateModified\":\"2026-02-16T14:53:59+00:00\",\"mainEntityOfPage\":{\"@id\":\"https:\\\/\\\/shawville.ca\\\/fr\\\/auto-draft-25\\\/\"},\"wordCount\":148,\"publisher\":{\"@id\":\"https:\\\/\\\/shawville.ca\\\/fr\\\/#organization\"},\"image\":{\"@id\":\"https:\\\/\\\/shawville.ca\\\/fr\\\/auto-draft-25\\\/#primaryimage\"},\"thumbnailUrl\":\"https:\\\/\\\/shawville.ca\\\/wp-content\\\/uploads\\\/2026\\\/02\\\/Carnival-french.jpg\",\"articleSection\":[\"Avis Public\"],\"inLanguage\":\"fr-FR\"},{\"@type\":\"WebPage\",\"@id\":\"https:\\\/\\\/shawville.ca\\\/fr\\\/auto-draft-25\\\/\",\"url\":\"https:\\\/\\\/shawville.ca\\\/fr\\\/auto-draft-25\\\/\",\"name\":\"Carnaval d'hiver de Shawville - samedi - Municipalit\u00e9 de Shawville Quebec\",\"isPartOf\":{\"@id\":\"https:\\\/\\\/shawville.ca\\\/fr\\\/#website\"},\"primaryImageOfPage\":{\"@id\":\"https:\\\/\\\/shawville.ca\\\/fr\\\/auto-draft-25\\\/#primaryimage\"},\"image\":{\"@id\":\"https:\\\/\\\/shawville.ca\\\/fr\\\/auto-draft-25\\\/#primaryimage\"},\"thumbnailUrl\":\"https:\\\/\\\/shawville.ca\\\/wp-content\\\/uploads\\\/2026\\\/02\\\/Carnival-french.jpg\",\"datePublished\":\"2026-02-16T14:52:58+00:00\",\"dateModified\":\"2026-02-16T14:53:59+00:00\",\"breadcrumb\":{\"@id\":\"https:\\\/\\\/shawville.ca\\\/fr\\\/auto-draft-25\\\/#breadcrumb\"},\"inLanguage\":\"fr-FR\",\"potentialAction\":[{\"@type\":\"ReadAction\",\"target\":[\"https:\\\/\\\/shawville.ca\\\/fr\\\/auto-draft-25\\\/\"]}]},{\"@type\":\"ImageObject\",\"inLanguage\":\"fr-FR\",\"@id\":\"https:\\\/\\\/shawville.ca\\\/fr\\\/auto-draft-25\\\/#primaryimage\",\"url\":\"https:\\\/\\\/shawville.ca\\\/wp-content\\\/uploads\\\/2026\\\/02\\\/Carnival-french.jpg\",\"contentUrl\":\"https:\\\/\\\/shawville.ca\\\/wp-content\\\/uploads\\\/2026\\\/02\\\/Carnival-french.jpg\"},{\"@type\":\"BreadcrumbList\",\"@id\":\"https:\\\/\\\/shawville.ca\\\/fr\\\/auto-draft-25\\\/#breadcrumb\",\"itemListElement\":[{\"@type\":\"ListItem\",\"position\":1,\"name\":\"Home\",\"item\":\"https:\\\/\\\/shawville.ca\\\/fr\\\/\"},{\"@type\":\"ListItem\",\"position\":2,\"name\":\"Carnaval d&#8217;hiver de Shawville &#8211; samedi\"}]},{\"@type\":\"WebSite\",\"@id\":\"https:\\\/\\\/shawville.ca\\\/fr\\\/#website\",\"url\":\"https:\\\/\\\/shawville.ca\\\/fr\\\/\",\"name\":\"Municipality of Shawville Quebec\",\"description\":\"Simplement Invitant\",\"publisher\":{\"@id\":\"https:\\\/\\\/shawville.ca\\\/fr\\\/#organization\"},\"alternateName\":\"Shawville\",\"potentialAction\":[{\"@type\":\"SearchAction\",\"target\":{\"@type\":\"EntryPoint\",\"urlTemplate\":\"https:\\\/\\\/shawville.ca\\\/fr\\\/?s={search_term_string}\"},\"query-input\":{\"@type\":\"PropertyValueSpecification\",\"valueRequired\":true,\"valueName\":\"search_term_string\"}}],\"inLanguage\":\"fr-FR\"},{\"@type\":\"Organization\",\"@id\":\"https:\\\/\\\/shawville.ca\\\/fr\\\/#organization\",\"name\":\"The Municipality of Shawville\",\"alternateName\":\"Shawville\",\"url\":\"https:\\\/\\\/shawville.ca\\\/fr\\\/\",\"logo\":{\"@type\":\"ImageObject\",\"inLanguage\":\"fr-FR\",\"@id\":\"https:\\\/\\\/shawville.ca\\\/fr\\\/#\\\/schema\\\/logo\\\/image\\\/\",\"url\":\"https:\\\/\\\/shawville.ca\\\/wp-content\\\/uploads\\\/2023\\\/09\\\/shawville-quebec-footer-logo.png\",\"contentUrl\":\"https:\\\/\\\/shawville.ca\\\/wp-content\\\/uploads\\\/2023\\\/09\\\/shawville-quebec-footer-logo.png\",\"width\":550,\"height\":550,\"caption\":\"The Municipality of Shawville\"},\"image\":{\"@id\":\"https:\\\/\\\/shawville.ca\\\/fr\\\/#\\\/schema\\\/logo\\\/image\\\/\"},\"sameAs\":[\"https:\\\/\\\/www.facebook.com\\\/shawvillequebec\",\"https:\\\/\\\/www.instagram.com\\\/destination.pontiac\\\/\",\"https:\\\/\\\/www.youtube.com\\\/channel\\\/UCsfXrrSPVm8eMca37PeSZYg\",\"https:\\\/\\\/www.linkedin.com\\\/company\\\/mrc-pontiac\\\/\"]},{\"@type\":\"Person\",\"@id\":\"https:\\\/\\\/shawville.ca\\\/fr\\\/#\\\/schema\\\/person\\\/5306b81971f00739d9bbd54727cba0b1\",\"name\":\"Office\",\"sameAs\":[\"https:\\\/\\\/shawville.ca\"],\"url\":\"https:\\\/\\\/shawville.ca\\\/fr\\\/author\\\/office\\\/\"}]}<\/script>\n<!-- \/ Yoast SEO plugin. -->","yoast_head_json":{"title":"Carnaval d'hiver de Shawville - samedi - Municipalit\u00e9 de Shawville Quebec","robots":{"index":"index","follow":"follow","max-snippet":"max-snippet:-1","max-image-preview":"max-image-preview:large","max-video-preview":"max-video-preview:-1"},"canonical":"https:\/\/shawville.ca\/fr\/auto-draft-25\/","og_locale":"fr_FR","og_type":"article","og_title":"Carnaval d'hiver de Shawville - samedi - Municipalit\u00e9 de Shawville Quebec","og_description":"Carnaval d\u2019hiver de Shawville Samedi 21 f\u00e9vrier 2026 Commencez votre journ\u00e9e avec une activit\u00e9 sp\u00e9ciale organis\u00e9e par The Parent\u2019s Voice \u00e0 la biblioth\u00e8que Shawville\u2013Clarendon : Heure du conte avec un pompier \u00e0 10 h 30 \u2014 une activit\u00e9 amusante pour toute la famille ! Ensuite, si la m\u00e9t\u00e9o le permet, rejoignez-nous au terrain de l\u2019Exposition &hellip;","og_url":"https:\/\/shawville.ca\/fr\/auto-draft-25\/","og_site_name":"Municipalit\u00e9 de Shawville Quebec","article_publisher":"https:\/\/www.facebook.com\/shawvillequebec","article_published_time":"2026-02-16T14:52:58+00:00","article_modified_time":"2026-02-16T14:53:59+00:00","og_image":[{"width":432,"height":212,"url":"https:\/\/shawville.ca\/wp-content\/uploads\/2026\/02\/Carnival-french.jpg","type":"image\/jpeg"}],"author":"Office","twitter_card":"summary_large_image","twitter_misc":{"\u00c9crit par":"Office","Dur\u00e9e de lecture estim\u00e9e":"1 minute"},"schema":{"@context":"https:\/\/schema.org","@graph":[{"@type":"Article","@id":"https:\/\/shawville.ca\/fr\/auto-draft-25\/#article","isPartOf":{"@id":"https:\/\/shawville.ca\/fr\/auto-draft-25\/"},"author":{"name":"Office","@id":"https:\/\/shawville.ca\/fr\/#\/schema\/person\/5306b81971f00739d9bbd54727cba0b1"},"headline":"Carnaval d&#8217;hiver de Shawville &#8211; samedi","datePublished":"2026-02-16T14:52:58+00:00","dateModified":"2026-02-16T14:53:59+00:00","mainEntityOfPage":{"@id":"https:\/\/shawville.ca\/fr\/auto-draft-25\/"},"wordCount":148,"publisher":{"@id":"https:\/\/shawville.ca\/fr\/#organization"},"image":{"@id":"https:\/\/shawville.ca\/fr\/auto-draft-25\/#primaryimage"},"thumbnailUrl":"https:\/\/shawville.ca\/wp-content\/uploads\/2026\/02\/Carnival-french.jpg","articleSection":["Avis Public"],"inLanguage":"fr-FR"},{"@type":"WebPage","@id":"https:\/\/shawville.ca\/fr\/auto-draft-25\/","url":"https:\/\/shawville.ca\/fr\/auto-draft-25\/","name":"Carnaval d'hiver de Shawville - samedi - Municipalit\u00e9 de Shawville Quebec","isPartOf":{"@id":"https:\/\/shawville.ca\/fr\/#website"},"primaryImageOfPage":{"@id":"https:\/\/shawville.ca\/fr\/auto-draft-25\/#primaryimage"},"image":{"@id":"https:\/\/shawville.ca\/fr\/auto-draft-25\/#primaryimage"},"thumbnailUrl":"https:\/\/shawville.ca\/wp-content\/uploads\/2026\/02\/Carnival-french.jpg","datePublished":"2026-02-16T14:52:58+00:00","dateModified":"2026-02-16T14:53:59+00:00","breadcrumb":{"@id":"https:\/\/shawville.ca\/fr\/auto-draft-25\/#breadcrumb"},"inLanguage":"fr-FR","potentialAction":[{"@type":"ReadAction","target":["https:\/\/shawville.ca\/fr\/auto-draft-25\/"]}]},{"@type":"ImageObject","inLanguage":"fr-FR","@id":"https:\/\/shawville.ca\/fr\/auto-draft-25\/#primaryimage","url":"https:\/\/shawville.ca\/wp-content\/uploads\/2026\/02\/Carnival-french.jpg","contentUrl":"https:\/\/shawville.ca\/wp-content\/uploads\/2026\/02\/Carnival-french.jpg"},{"@type":"BreadcrumbList","@id":"https:\/\/shawville.ca\/fr\/auto-draft-25\/#breadcrumb","itemListElement":[{"@type":"ListItem","position":1,"name":"Home","item":"https:\/\/shawville.ca\/fr\/"},{"@type":"ListItem","position":2,"name":"Carnaval d&#8217;hiver de Shawville &#8211; samedi"}]},{"@type":"WebSite","@id":"https:\/\/shawville.ca\/fr\/#website","url":"https:\/\/shawville.ca\/fr\/","name":"Municipality of Shawville Quebec","description":"Simplement Invitant","publisher":{"@id":"https:\/\/shawville.ca\/fr\/#organization"},"alternateName":"Shawville","potentialAction":[{"@type":"SearchAction","target":{"@type":"EntryPoint","urlTemplate":"https:\/\/shawville.ca\/fr\/?s={search_term_string}"},"query-input":{"@type":"PropertyValueSpecification","valueRequired":true,"valueName":"search_term_string"}}],"inLanguage":"fr-FR"},{"@type":"Organization","@id":"https:\/\/shawville.ca\/fr\/#organization","name":"The Municipality of Shawville","alternateName":"Shawville","url":"https:\/\/shawville.ca\/fr\/","logo":{"@type":"ImageObject","inLanguage":"fr-FR","@id":"https:\/\/shawville.ca\/fr\/#\/schema\/logo\/image\/","url":"https:\/\/shawville.ca\/wp-content\/uploads\/2023\/09\/shawville-quebec-footer-logo.png","contentUrl":"https:\/\/shawville.ca\/wp-content\/uploads\/2023\/09\/shawville-quebec-footer-logo.png","width":550,"height":550,"caption":"The Municipality of Shawville"},"image":{"@id":"https:\/\/shawville.ca\/fr\/#\/schema\/logo\/image\/"},"sameAs":["https:\/\/www.facebook.com\/shawvillequebec","https:\/\/www.instagram.com\/destination.pontiac\/","https:\/\/www.youtube.com\/channel\/UCsfXrrSPVm8eMca37PeSZYg","https:\/\/www.linkedin.com\/company\/mrc-pontiac\/"]},{"@type":"Person","@id":"https:\/\/shawville.ca\/fr\/#\/schema\/person\/5306b81971f00739d9bbd54727cba0b1","name":"Office","sameAs":["https:\/\/shawville.ca"],"url":"https:\/\/shawville.ca\/fr\/author\/office\/"}]}},"_links":{"self":[{"href":"https:\/\/shawville.ca\/fr\/wp-json\/wp\/v2\/posts\/178258","targetHints":{"allow":["GET"]}}],"collection":[{"href":"https:\/\/shawville.ca\/fr\/wp-json\/wp\/v2\/posts"}],"about":[{"href":"https:\/\/shawville.ca\/fr\/wp-json\/wp\/v2\/types\/post"}],"author":[{"embeddable":true,"href":"https:\/\/shawville.ca\/fr\/wp-json\/wp\/v2\/users\/8"}],"replies":[{"embeddable":true,"href":"https:\/\/shawville.ca\/fr\/wp-json\/wp\/v2\/comments?post=178258"}],"version-history":[{"count":1,"href":"https:\/\/shawville.ca\/fr\/wp-json\/wp\/v2\/posts\/178258\/revisions"}],"predecessor-version":[{"id":178261,"href":"https:\/\/shawville.ca\/fr\/wp-json\/wp\/v2\/posts\/178258\/revisions\/178261"}],"wp:attachment":[{"href":"https:\/\/shawville.ca\/fr\/wp-json\/wp\/v2\/media?parent=178258"}],"wp:term":[{"taxonomy":"category","embeddable":true,"href":"https:\/\/shawville.ca\/fr\/wp-json\/wp\/v2\/categories?post=178258"},{"taxonomy":"post_tag","embeddable":true,"href":"https:\/\/shawville.ca\/fr\/wp-json\/wp\/v2\/tags?post=178258"}],"curies":[{"name":"wp","href":"https:\/\/api.w.org\/{rel}","templated":true}]}}